
{"id":6355,"date":"2020-02-04T16:21:58","date_gmt":"2020-02-04T14:21:58","guid":{"rendered":"http:\/\/www.henin-beaumont.fr\/site\/?p=6355"},"modified":"2020-02-04T16:23:17","modified_gmt":"2020-02-04T14:23:17","slug":"edito-du-maire-fevrier-2020","status":"publish","type":"post","link":"https:\/\/www.henin-beaumont.fr\/site\/edito-du-maire-fevrier-2020\/","title":{"rendered":"Edito du Maire &#8211; F\u00e9vrier 2020"},"content":{"rendered":"<p><a href=\"http:\/\/www.henin-beaumont.fr\/site\/?attachment_id=6374\" rel=\"attachment wp-att-6374\"><img loading=\"lazy\" decoding=\"async\" src=\"http:\/\/www.henin-beaumont.fr\/site\/wp-content\/uploads\/2020\/01\/DSC_8668-1-800x534.jpg\" alt=\"\" width=\"800\" height=\"534\" class=\"alignnone size-medium wp-image-6374\" srcset=\"https:\/\/www.henin-beaumont.fr\/site\/wp-content\/uploads\/2020\/01\/DSC_8668-1-800x534.jpg 800w, https:\/\/www.henin-beaumont.fr\/site\/wp-content\/uploads\/2020\/01\/DSC_8668-1-768x513.jpg 768w, https:\/\/www.henin-beaumont.fr\/site\/wp-content\/uploads\/2020\/01\/DSC_8668-1-1024x683.jpg 1024w, https:\/\/www.henin-beaumont.fr\/site\/wp-content\/uploads\/2020\/01\/DSC_8668-1-600x400.jpg 600w\" sizes=\"auto, (max-width: 800px) 100vw, 800px\" \/><\/a><\/p>\n<p><strong>Bienvenue !<\/strong><\/p>\n<p>L\u2019Accent 9 s\u2019est install\u00e9 \u00e0 H\u00e9nin-Beaumont il y a quelques mois, dans les locaux r\u00e9nov\u00e9s de la rue Jules Ferry. Je suis fier d\u2019accueillir cette association de danse dans notre ville, qui donne \u00e0 tous la chance d\u2019apprendre et de d\u00e9velopper cette pratique.<\/p>\n<p>Passionn\u00e9s, le pr\u00e9sident de l\u2019Accent 9 J\u00e9r\u00e9my Bauwens et toute son \u00e9quipe font beaucoup d\u2019efforts pour que toutes les g\u00e9n\u00e9rations puissent acc\u00e9der \u00e0 des cours de qualit\u00e9 en fonction du niveau de chacun. Ils sont r\u00e9compens\u00e9s par le succ\u00e8s que rencontre l\u2019association, forte de plus de 450 licenci\u00e9s !<\/p>\n<p>Avoir sur notre territoire une \u00e9cole de danse telle que l\u2019Accent 9 permet non seulement de proposer une activit\u00e9 de loisirs, mais \u00e9galement de susciter des vocations chez les jeunes danseuses et danseurs. Nous formons d\u00e9sormais \u00e0 H\u00e9nin-Beaumont les danseurs professionnels de demain !<\/p>\n<p>Le grand spectacle que l\u2019ensemble des adh\u00e9rents et des b\u00e9n\u00e9voles sont en train de pr\u00e9parer pour le d\u00e9but de l\u2019\u00e9t\u00e9 s\u2019annonce grandiose : le fantastique s\u2019invitera dans ce voyage qui emm\u00e8nera les spectateurs dans les profondeurs de la Terre, en compagnie de personnages dr\u00f4les, attachants et surprenants. Je vous donne rendez-vous au mois de juin pour assister \u00e0 cet \u00e9v\u00e9nement !<\/p>\n<p>Qu\u2019il s\u2019agisse de danse classique, de modern\u2019jazz ou encore de barre au sol, tous les cours sont dispens\u00e9s par des professionnels du spectacle, dipl\u00f4m\u00e9s d\u2019\u00c9tat. L\u2019association accueille les enfants d\u00e8s l\u2019\u00e2ge de 4 ans&#8230; et sans limite d\u2019\u00e2ge ! Je vous invite \u00e0 d\u00e9couvrir ses activit\u00e9s sur sa page Facebook et son site Internet : avec l&rsquo;Accent 9, entrez dans la danse !<\/p>\n<p><strong>Steeve Briois<br \/>\nVotre Maire<\/strong><\/p>\n","protected":false},"excerpt":{"rendered":"<p>Bienvenue ! L\u2019Accent 9 s\u2019est install\u00e9 \u00e0 H\u00e9nin-Beaumont il y a quelques mois, dans les locaux r\u00e9nov\u00e9s de la rue Jules Ferry. Je suis fier d\u2019accueillir cette association de danse dans notre ville, qui donne \u00e0 tous la chance d\u2019apprendre et de d\u00e9velopper cette pratique. Passionn\u00e9s, le pr\u00e9sident de l\u2019Accent 9 J\u00e9r\u00e9my Bauwens et toute [&hellip;]<\/p>\n","protected":false},"author":6,"featured_media":6374,"comment_status":"closed","ping_status":"closed","sticky":false,"template":"","format":"standard","meta":{"footnotes":""},"categories":[13,19,1],"tags":[],"class_list":["post-6355","post","type-post","status-publish","format-standard","has-post-thumbnail","hentry","category-actus","category-edito","category-non-classe"],"jetpack_featured_media_url":"https:\/\/www.henin-beaumont.fr\/site\/wp-content\/uploads\/2020\/01\/DSC_8668-1.jpg","_links":{"self":[{"href":"https:\/\/www.henin-beaumont.fr\/site\/wp-json\/wp\/v2\/posts\/6355","targetHints":{"allow":["GET"]}}],"collection":[{"href":"https:\/\/www.henin-beaumont.fr\/site\/wp-json\/wp\/v2\/posts"}],"about":[{"href":"https:\/\/www.henin-beaumont.fr\/site\/wp-json\/wp\/v2\/types\/post"}],"author":[{"embeddable":true,"href":"https:\/\/www.henin-beaumont.fr\/site\/wp-json\/wp\/v2\/users\/6"}],"replies":[{"embeddable":true,"href":"https:\/\/www.henin-beaumont.fr\/site\/wp-json\/wp\/v2\/comments?post=6355"}],"version-history":[{"count":4,"href":"https:\/\/www.henin-beaumont.fr\/site\/wp-json\/wp\/v2\/posts\/6355\/revisions"}],"predecessor-version":[{"id":6376,"href":"https:\/\/www.henin-beaumont.fr\/site\/wp-json\/wp\/v2\/posts\/6355\/revisions\/6376"}],"wp:featuredmedia":[{"embeddable":true,"href":"https:\/\/www.henin-beaumont.fr\/site\/wp-json\/wp\/v2\/media\/6374"}],"wp:attachment":[{"href":"https:\/\/www.henin-beaumont.fr\/site\/wp-json\/wp\/v2\/media?parent=6355"}],"wp:term":[{"taxonomy":"category","embeddable":true,"href":"https:\/\/www.henin-beaumont.fr\/site\/wp-json\/wp\/v2\/categories?post=6355"},{"taxonomy":"post_tag","embeddable":true,"href":"https:\/\/www.henin-beaumont.fr\/site\/wp-json\/wp\/v2\/tags?post=6355"}],"curies":[{"name":"wp","href":"https:\/\/api.w.org\/{rel}","templated":true}]}}