
{"id":6301,"date":"2020-01-13T18:06:53","date_gmt":"2020-01-13T16:06:53","guid":{"rendered":"http:\/\/www.henin-beaumont.fr\/site\/?p=6301"},"modified":"2020-01-31T12:24:44","modified_gmt":"2020-01-31T10:24:44","slug":"edito-du-maire-decembre-2019","status":"publish","type":"post","link":"https:\/\/www.henin-beaumont.fr\/site\/edito-du-maire-decembre-2019\/","title":{"rendered":"Edito du Maire &#8211; Janvier 2020"},"content":{"rendered":"<p style=\"text-align: left;\" align=\"center\"><b>Je souhaite, \u00e0 tous les H\u00e9ninois et Beaumontois, une belle ann\u00e9e 2020\u00a0!<\/b><\/p>\n<p><img loading=\"lazy\" decoding=\"async\" class=\"alignnone size-medium wp-image-6311\" src=\"http:\/\/www.henin-beaumont.fr\/site\/wp-content\/uploads\/2020\/01\/DSC_5948-800x534.jpg\" alt=\"\" width=\"800\" height=\"534\" srcset=\"https:\/\/www.henin-beaumont.fr\/site\/wp-content\/uploads\/2020\/01\/DSC_5948-800x534.jpg 800w, https:\/\/www.henin-beaumont.fr\/site\/wp-content\/uploads\/2020\/01\/DSC_5948-768x513.jpg 768w, https:\/\/www.henin-beaumont.fr\/site\/wp-content\/uploads\/2020\/01\/DSC_5948-1024x684.jpg 1024w, https:\/\/www.henin-beaumont.fr\/site\/wp-content\/uploads\/2020\/01\/DSC_5948-600x401.jpg 600w\" sizes=\"auto, (max-width: 800px) 100vw, 800px\" \/><\/p>\n<p><b>La nouvelle ann\u00e9e est arriv\u00e9e, et je souhaite vous adresser \u00e0 cette occasion mes meilleurs v\u0153ux pour 2020\u00a0! Une ann\u00e9e durant laquelle, je l\u2019esp\u00e8re, chacun pourra s\u2019\u00e9panouir dans notre ville, et en particulier les plus jeunes.<\/b><\/p>\n<p>&nbsp;<\/p>\n<p>Avec le Relais Petite Enfance (RPE), id\u00e9alement situ\u00e9 rue Elie Gruyelle, dans un quartier en pleine mutation, les assistantes maternelles et les familles disposent d\u2019un lieu accessible o\u00f9 elles peuvent \u00eatre conseill\u00e9es et s\u2019entretenir avec des professionnelles de la petite enfance.<\/p>\n<p>&nbsp;<\/p>\n<p>Le RPE est aussi un lieu permettant de tisser du lien social, puisque les assistantes maternelles participent ensemble, avec les enfants, \u00e0 de nombreuses animations dans un espace qui leur est d\u00e9di\u00e9. Les plus jeunes s\u2019y amusent, s\u2019\u00e9veillent et d\u00e9veloppent leur socialisation\u00a0: voil\u00e0 comment la Ville d\u2019H\u00e9nin-Beaumont peut agir pour eux.<\/p>\n<p>&nbsp;<\/p>\n<p>Les assistantes maternelles ont donc, dans notre ville, la possibilit\u00e9 de d\u00e9velopper leur pratique et d\u2019\u00e9changer avec les autres assistantes maternelles. La patience, l\u2019\u00e9coute et l\u2019empathie, qui sont des valeurs essentielles pour ce m\u00e9tier, sont ici mises en \u0153uvre et donnent \u00e0 chacune des professionnelles de la petite enfance l\u2019occasion d\u2019en apprendre toujours davantage.<\/p>\n<p>&nbsp;<\/p>\n<p>Je me r\u00e9jouis que nous ayons un service municipal qui puisse apporter autant aux familles et aux assistantes maternelles. Je salue leur travail, ainsi que celui de Cathy Dailly, responsable du Relais Petite Enfance, qui permet aux parents d\u2019\u00eatre confiants. Avec elles, les enfants grandissent dans les meilleures conditions possibles\u00a0!<\/p>\n<p>&nbsp;<\/p>\n<p>&nbsp;<\/p>\n<p align=\"right\"><b>Steeve Briois<\/b><\/p>\n<p align=\"right\"><b>Votre Maire<\/b><\/p>\n","protected":false},"excerpt":{"rendered":"<p>Je souhaite, \u00e0 tous les H\u00e9ninois et Beaumontois, une belle ann\u00e9e 2020\u00a0! La nouvelle ann\u00e9e est arriv\u00e9e, et je souhaite vous adresser \u00e0 cette occasion mes meilleurs v\u0153ux pour 2020\u00a0! Une ann\u00e9e durant laquelle, je l\u2019esp\u00e8re, chacun pourra s\u2019\u00e9panouir dans notre ville, et en particulier les plus jeunes. &nbsp; Avec le Relais Petite Enfance (RPE), [&hellip;]<\/p>\n","protected":false},"author":6,"featured_media":6311,"comment_status":"closed","ping_status":"closed","sticky":false,"template":"","format":"standard","meta":{"footnotes":""},"categories":[19,20,1],"tags":[],"class_list":["post-6301","post","type-post","status-publish","format-standard","has-post-thumbnail","hentry","category-edito","category-edito-actus","category-non-classe"],"jetpack_featured_media_url":"https:\/\/www.henin-beaumont.fr\/site\/wp-content\/uploads\/2020\/01\/DSC_5948.jpg","_links":{"self":[{"href":"https:\/\/www.henin-beaumont.fr\/site\/wp-json\/wp\/v2\/posts\/6301","targetHints":{"allow":["GET"]}}],"collection":[{"href":"https:\/\/www.henin-beaumont.fr\/site\/wp-json\/wp\/v2\/posts"}],"about":[{"href":"https:\/\/www.henin-beaumont.fr\/site\/wp-json\/wp\/v2\/types\/post"}],"author":[{"embeddable":true,"href":"https:\/\/www.henin-beaumont.fr\/site\/wp-json\/wp\/v2\/users\/6"}],"replies":[{"embeddable":true,"href":"https:\/\/www.henin-beaumont.fr\/site\/wp-json\/wp\/v2\/comments?post=6301"}],"version-history":[{"count":4,"href":"https:\/\/www.henin-beaumont.fr\/site\/wp-json\/wp\/v2\/posts\/6301\/revisions"}],"predecessor-version":[{"id":6358,"href":"https:\/\/www.henin-beaumont.fr\/site\/wp-json\/wp\/v2\/posts\/6301\/revisions\/6358"}],"wp:featuredmedia":[{"embeddable":true,"href":"https:\/\/www.henin-beaumont.fr\/site\/wp-json\/wp\/v2\/media\/6311"}],"wp:attachment":[{"href":"https:\/\/www.henin-beaumont.fr\/site\/wp-json\/wp\/v2\/media?parent=6301"}],"wp:term":[{"taxonomy":"category","embeddable":true,"href":"https:\/\/www.henin-beaumont.fr\/site\/wp-json\/wp\/v2\/categories?post=6301"},{"taxonomy":"post_tag","embeddable":true,"href":"https:\/\/www.henin-beaumont.fr\/site\/wp-json\/wp\/v2\/tags?post=6301"}],"curies":[{"name":"wp","href":"https:\/\/api.w.org\/{rel}","templated":true}]}}