
{"id":6111,"date":"2019-10-03T16:29:53","date_gmt":"2019-10-03T14:29:53","guid":{"rendered":"http:\/\/www.henin-beaumont.fr\/site\/?p=6111"},"modified":"2019-10-03T16:29:53","modified_gmt":"2019-10-03T14:29:53","slug":"ledito-du-maire-octobre-2019","status":"publish","type":"post","link":"https:\/\/www.henin-beaumont.fr\/site\/ledito-du-maire-octobre-2019\/","title":{"rendered":"L&rsquo;\u00e9dito du Maire &#8211; Octobre 2019"},"content":{"rendered":"<p><img loading=\"lazy\" decoding=\"async\" class=\"alignnone size-full wp-image-6112\" src=\"http:\/\/www.henin-beaumont.fr\/site\/wp-content\/uploads\/2019\/10\/71330796_2345543372361033_1382185115110604800_n.jpg\" alt=\"\" width=\"674\" height=\"363\" srcset=\"https:\/\/www.henin-beaumont.fr\/site\/wp-content\/uploads\/2019\/10\/71330796_2345543372361033_1382185115110604800_n.jpg 674w, https:\/\/www.henin-beaumont.fr\/site\/wp-content\/uploads\/2019\/10\/71330796_2345543372361033_1382185115110604800_n-600x323.jpg 600w\" sizes=\"auto, (max-width: 674px) 100vw, 674px\" \/><\/p>\n<p>&nbsp;<\/p>\n<p>Retrouvez ci-dessous l&rsquo;\u00e9dito du Maire Steeve Briois du mois d&rsquo;octobre.<\/p>\n<p>Semaine du Handicap : le millieu associatif H\u00e9ninois r\u00e9pond pr\u00e9sent !<\/p>\n<p>La semaine du Handicap organis\u00e9e par le Service des sports avec le concours du Tennis club h\u00e9ninois et des f\u00e9d\u00e9rations Handisport et Sport adapt\u00e9 &#8211; s&rsquo;est d\u00e9roul\u00e9e mi-septembre et a permis de constater une fois encore l&rsquo;immense engagement du tissu associatif de notre ville pour une meilleure int\u00e9gration des personnes handicap\u00e9es.<\/p>\n<div class=\"text_exposed_show\">\n<p>Il faut \u00e0 ce titre saluer les initiatives des associations sportives de notre commune et m\u00eame au-del\u00e0, puisque le RC Lens et le club de basket de Berck-Rang du Fliers ont apport\u00e9 leur pierre<br \/>\n\u00e0 l&rsquo;\u00e9difice. Mais nous pensons bien \u00e9videmment \u00e9galement \u00e0 l&rsquo;ALPH, association h\u00e9ninoise historique dans la permanence de son combat en faveur des personnes handicap\u00e9es.<\/p>\n<p>Enfin, la ville polonaise de Konin, jumel\u00e9e avec H\u00e9nin-Beaumont, a durant cette semaine eu plusieurs occasions de prouver son engagement sur ces th\u00e9matiques en participant aux actions men\u00e9es, par exemple au cours d&rsquo;une belle rencontre de handibasket avec son \u00e9quipe des Mustangs.<\/p>\n<p>Car les personnes atteintes de handicap ne demandent pas \u00e0 \u00eatre trait\u00e9es diff\u00e9remment, elles demandent simplement une prise de conscience de la soci\u00e9t\u00e9 qui leur permette de vivre comme tout le monde. Loin de la condescendance, de la piti\u00e9, ou de l&rsquo;infantilisation, c&rsquo;est bien un traitement \u00e9galitaire qui doit \u00eatre mis en oeuvre.<\/p>\n<p>A l&rsquo;heure o\u00f9 l&rsquo;individualisme et le consum\u00e9risme r\u00e9gissent les rapports humains et sociaux, soyons heureux de voir tant d&rsquo;habitants de notre ville penser \u00e0 leur prochain, donner de<br \/>\nleur temps, de leurs efforts et de leurs moyens pour moins d&rsquo;exclusion et plus de solidarit\u00e9.<\/p>\n<p>Si la semaine a largement \u00e9t\u00e9 sportive, c&rsquo;est l&rsquo;ensemble de notre soci\u00e9t\u00e9 qui doit se manifester et veiller \u00e0 ce qu&rsquo;aucun de nos concitoyens ne soit mis \u00e0 l&rsquo;\u00e9cart. Le combat est quotidien, il est aussi bien individuel que collectif, mais il est n\u00e9cessaire. Soyons heureux d&rsquo;habiter une ville dont les habitants sont aussi impliqu\u00e9s et conscients. Et \u00e0 celles et ceux qui ont fait de cette semaine du Handicap une r\u00e9ussite, adressons un grand merci !<\/p>\n<\/div>\n","protected":false},"excerpt":{"rendered":"<p>&nbsp; Retrouvez ci-dessous l&rsquo;\u00e9dito du Maire Steeve Briois du mois d&rsquo;octobre. Semaine du Handicap : le millieu associatif H\u00e9ninois r\u00e9pond pr\u00e9sent ! La semaine du Handicap organis\u00e9e par le Service des sports avec le concours du Tennis club h\u00e9ninois et des f\u00e9d\u00e9rations Handisport et Sport adapt\u00e9 &#8211; s&rsquo;est d\u00e9roul\u00e9e mi-septembre et a permis de constater [&hellip;]<\/p>\n","protected":false},"author":6,"featured_media":6113,"comment_status":"closed","ping_status":"closed","sticky":false,"template":"","format":"standard","meta":{"footnotes":""},"categories":[13,19,20],"tags":[],"class_list":["post-6111","post","type-post","status-publish","format-standard","has-post-thumbnail","hentry","category-actus","category-edito","category-edito-actus"],"jetpack_featured_media_url":"https:\/\/www.henin-beaumont.fr\/site\/wp-content\/uploads\/2019\/10\/71330796_2345543372361033_1382185115110604800_n-1.jpg","_links":{"self":[{"href":"https:\/\/www.henin-beaumont.fr\/site\/wp-json\/wp\/v2\/posts\/6111","targetHints":{"allow":["GET"]}}],"collection":[{"href":"https:\/\/www.henin-beaumont.fr\/site\/wp-json\/wp\/v2\/posts"}],"about":[{"href":"https:\/\/www.henin-beaumont.fr\/site\/wp-json\/wp\/v2\/types\/post"}],"author":[{"embeddable":true,"href":"https:\/\/www.henin-beaumont.fr\/site\/wp-json\/wp\/v2\/users\/6"}],"replies":[{"embeddable":true,"href":"https:\/\/www.henin-beaumont.fr\/site\/wp-json\/wp\/v2\/comments?post=6111"}],"version-history":[{"count":1,"href":"https:\/\/www.henin-beaumont.fr\/site\/wp-json\/wp\/v2\/posts\/6111\/revisions"}],"predecessor-version":[{"id":6114,"href":"https:\/\/www.henin-beaumont.fr\/site\/wp-json\/wp\/v2\/posts\/6111\/revisions\/6114"}],"wp:featuredmedia":[{"embeddable":true,"href":"https:\/\/www.henin-beaumont.fr\/site\/wp-json\/wp\/v2\/media\/6113"}],"wp:attachment":[{"href":"https:\/\/www.henin-beaumont.fr\/site\/wp-json\/wp\/v2\/media?parent=6111"}],"wp:term":[{"taxonomy":"category","embeddable":true,"href":"https:\/\/www.henin-beaumont.fr\/site\/wp-json\/wp\/v2\/categories?post=6111"},{"taxonomy":"post_tag","embeddable":true,"href":"https:\/\/www.henin-beaumont.fr\/site\/wp-json\/wp\/v2\/tags?post=6111"}],"curies":[{"name":"wp","href":"https:\/\/api.w.org\/{rel}","templated":true}]}}