
{"id":6018,"date":"2019-09-03T11:37:36","date_gmt":"2019-09-03T09:37:36","guid":{"rendered":"http:\/\/www.henin-beaumont.fr\/site\/?p=6018"},"modified":"2019-09-03T11:42:52","modified_gmt":"2019-09-03T09:42:52","slug":"ledito-du-maire-septembre-2019","status":"publish","type":"post","link":"https:\/\/www.henin-beaumont.fr\/site\/ledito-du-maire-septembre-2019\/","title":{"rendered":"L&rsquo;\u00e9dito du Maire &#8211; Septembre 2019"},"content":{"rendered":"<p><span style=\"display: inline !important; float: none; background-color: #ffffff; color: #333333; cursor: text; font-family: Georgia,'Times New Roman','Bitstream Charter',Times,serif; font-size: 16px; font-style: normal; font-variant: normal; font-weight: 400; letter-spacing: normal; orphans: 2; text-align: left; text-decoration: none; text-indent: 0px; text-transform: none; -webkit-text-stroke-width: 0px; white-space: normal; word-spacing: 0px;\"><img loading=\"lazy\" decoding=\"async\" class=\"alignnone size-full wp-image-6020\" src=\"http:\/\/www.henin-beaumont.fr\/site\/wp-content\/uploads\/2019\/09\/3-edioversion2.jpg\" alt=\"\" width=\"335\" height=\"351\" \/><\/span><\/p>\n<p><span style=\"display: inline !important; float: none; background-color: #ffffff; color: #333333; cursor: text; font-family: Georgia,'Times New Roman','Bitstream Charter',Times,serif; font-size: 16px; font-style: normal; font-variant: normal; font-weight: 400; letter-spacing: normal; orphans: 2; text-align: left; text-decoration: none; text-indent: 0px; text-transform: none; -webkit-text-stroke-width: 0px; white-space: normal; word-spacing: 0px;\"> Retrouvez ci-dessous l&rsquo;\u00e9dito du Maire Steeve Briois du mois de septembre <\/span><\/p>\n<p>BELLES NOCES D\u2019OR ENTRE LA VILLE ET L\u2019ESCAPADE !<\/p>\n<div>La fin du mois de juin aura \u00e9t\u00e9 le th\u00e9\u00e2tre du cinquantenaire du centre culturel d\u2019H\u00e9nin-Beaumont, l\u2019ancienne Maison des Jeunes et de la Culture, plus connu depuis 25 ans sous le nom d\u2019Escapade.<\/div>\n<div>50 ann\u00e9es durant lesquelles l\u2019Escapade aura su conjuguer une programmation vari\u00e9e, r\u00e9unissant amateurs, t\u00eates d\u2019affiche ou artistes divers, \u00e0 des ateliers proposant une v\u00e9ritable formation aux diff\u00e9rentes disciplines du spectacle vivant et \u00e0 la culture sous toutes ses formes.<\/div>\n<div>Cette long\u00e9vit\u00e9, c\u2019est aussi le fruit d\u2019un lien privil\u00e9gi\u00e9 et d\u2019une confiance mutuelle entre la structure et la collectivit\u00e9 durant ces 5 d\u00e9cennies, et surtout de l\u2019engagement de toutes celles et ceux qui font vivre l\u2019Escapade au quotidien, et en ont fait une association incontournable du Bassin Minier. J&rsquo;ai \u00e0 ce titre une pens\u00e9e \u00e9vidente pour le pr\u00e9sident Jean-Luc Dubroecq et sa tr\u00e9sori\u00e8re Monique B\u00e9jaut, mod\u00e8les de volont\u00e9 et de courage qui ont permis \u00e0 l&rsquo;Escapade de trouver stabilit\u00e9 et p\u00e9rennit\u00e9, sans oublier bien entendu toute l&rsquo;\u00e9quipe dirigeante.<\/div>\n<div>Cette d\u00e9marche correspond \u00e0 ce que doit \u00eatre la culture publique : accessible, destin\u00e9e au plus grand nombre, libre des contingences politiques ou id\u00e9ologiques, fid\u00e8le aux principes\u00a0 m\u00eames du service public.<\/div>\n<div>Souvent trait\u00e9e en parent pauvre des politiques publiques, la culture a pourtant une vocation \u00e9mancipatrice et salvatrice, tout particuli\u00e8rement dans des territoires qui ont subi difficilement la fin d\u2019une \u00e8re industrielle prosp\u00e8re.<\/div>\n<div>Elle permet aux individus de prendre conscience de ce qu\u2019ils sont, de ce qu\u2019ils peuvent \u00eatre et de ce qu\u2019ils peuvent faire, individuellement et collectivement.<\/div>\n<div>Alors pour toutes ces belles ann\u00e9es pass\u00e9es, et les belles ann\u00e9es \u00e0 venir, souhaitons longue vie \u00e0 l\u2019Escapade !<\/div>\n","protected":false},"excerpt":{"rendered":"<p>Retrouvez ci-dessous l&rsquo;\u00e9dito du Maire Steeve Briois du mois de septembre BELLES NOCES D\u2019OR ENTRE LA VILLE ET L\u2019ESCAPADE ! La fin du mois de juin aura \u00e9t\u00e9 le th\u00e9\u00e2tre du cinquantenaire du centre culturel d\u2019H\u00e9nin-Beaumont, l\u2019ancienne Maison des Jeunes et de la Culture, plus connu depuis 25 ans sous le nom d\u2019Escapade. 50 ann\u00e9es [&hellip;]<\/p>\n","protected":false},"author":6,"featured_media":6020,"comment_status":"closed","ping_status":"closed","sticky":false,"template":"","format":"standard","meta":{"footnotes":""},"categories":[13,19,20],"tags":[],"class_list":["post-6018","post","type-post","status-publish","format-standard","has-post-thumbnail","hentry","category-actus","category-edito","category-edito-actus"],"jetpack_featured_media_url":"https:\/\/www.henin-beaumont.fr\/site\/wp-content\/uploads\/2019\/09\/3-edioversion2.jpg","_links":{"self":[{"href":"https:\/\/www.henin-beaumont.fr\/site\/wp-json\/wp\/v2\/posts\/6018","targetHints":{"allow":["GET"]}}],"collection":[{"href":"https:\/\/www.henin-beaumont.fr\/site\/wp-json\/wp\/v2\/posts"}],"about":[{"href":"https:\/\/www.henin-beaumont.fr\/site\/wp-json\/wp\/v2\/types\/post"}],"author":[{"embeddable":true,"href":"https:\/\/www.henin-beaumont.fr\/site\/wp-json\/wp\/v2\/users\/6"}],"replies":[{"embeddable":true,"href":"https:\/\/www.henin-beaumont.fr\/site\/wp-json\/wp\/v2\/comments?post=6018"}],"version-history":[{"count":3,"href":"https:\/\/www.henin-beaumont.fr\/site\/wp-json\/wp\/v2\/posts\/6018\/revisions"}],"predecessor-version":[{"id":6023,"href":"https:\/\/www.henin-beaumont.fr\/site\/wp-json\/wp\/v2\/posts\/6018\/revisions\/6023"}],"wp:featuredmedia":[{"embeddable":true,"href":"https:\/\/www.henin-beaumont.fr\/site\/wp-json\/wp\/v2\/media\/6020"}],"wp:attachment":[{"href":"https:\/\/www.henin-beaumont.fr\/site\/wp-json\/wp\/v2\/media?parent=6018"}],"wp:term":[{"taxonomy":"category","embeddable":true,"href":"https:\/\/www.henin-beaumont.fr\/site\/wp-json\/wp\/v2\/categories?post=6018"},{"taxonomy":"post_tag","embeddable":true,"href":"https:\/\/www.henin-beaumont.fr\/site\/wp-json\/wp\/v2\/tags?post=6018"}],"curies":[{"name":"wp","href":"https:\/\/api.w.org\/{rel}","templated":true}]}}