
{"id":5546,"date":"2019-03-01T10:35:22","date_gmt":"2019-03-01T08:35:22","guid":{"rendered":"http:\/\/www.henin-beaumont.fr\/site\/?p=5546"},"modified":"2019-03-06T10:22:56","modified_gmt":"2019-03-06T08:22:56","slug":"ledito-du-maire-3","status":"publish","type":"post","link":"https:\/\/www.henin-beaumont.fr\/site\/ledito-du-maire-3\/","title":{"rendered":"L&rsquo;\u00e9dito du Maire &#8211; Mars 2019"},"content":{"rendered":"<h2>Labels ville Active &amp; Sportive et ville Internet :<\/h2>\n<h2>H\u00e9nin-Beaumont enfin reconnue !<\/h2>\n<p><a href=\"http:\/\/www.henin-beaumont.fr\/site\/?attachment_id=5547\" rel=\"attachment wp-att-5547\"><img loading=\"lazy\" decoding=\"async\" src=\"http:\/\/www.henin-beaumont.fr\/site\/wp-content\/uploads\/2019\/03\/3-edio.jpg\" alt=\"\" width=\"281\" height=\"294\" class=\"alignnone size-full wp-image-5547\" \/><\/a><\/p>\n<p>Il y a un an, notre ville recevait sa premi\u00e8re fleur apr\u00e8s avoir obtenu le \u00ab bouquet d\u2019or avec f\u00e9licitations \u00bb dans le cadre du concours des villes et villages fleuris.<\/p>\n<p>Cette ann\u00e9e, H\u00e9nin-Beaumont est une nouvelle fois distingu\u00e9e, en recevant deux nouveaux labels : ville Active &amp; Sportive, avec un premier laurier, et ville Internet, directement avec deux @ !<\/p>\n<p>Le Label \u00ab ville Active &amp; Sportive \u00bb a \u00e9t\u00e9 officiellement remis le vendredi 8 f\u00e9vrier \u00e0 Angers. Il r\u00e9compense nos efforts pour proposer \u00ab une politique sportive innovante et une offre d\u2019activit\u00e9s physiques diversifi\u00e9e \u00bb. Je souhaite associer \u00e0 cette r\u00e9ussite les dirigeants, entra\u00eeneurs, b\u00e9n\u00e9voles et licenci\u00e9s de l\u2019ensemble de nos clubs en plus des agents du service des Sports.<\/p>\n<p>Le Label \u00ab ville Internet \u00bb a \u00e9t\u00e9 accord\u00e9 mardi 29 janvier par l\u2019Association nationale des villes internet. Il r\u00e9compense les communes qui mettent en \u0153uvre \u00ab une politique significative en mati\u00e8re de d\u00e9mocratisation des technologies de l\u2019information, de la communication et de leurs usages citoyens \u00bb. Dans les Hauts-de-France, seulement 22 collectivit\u00e9s ont \u00e9t\u00e9 cit\u00e9es au palmar\u00e8s 2019. Ces distinctions viennent r\u00e9compenser un travail au quotidien que nous faisons de concert avec les agents municipaux. Je suis particuli\u00e8rement fier que notre ville soit d\u00e9sormais reconnue \u00e0 l\u2019\u00e9chelon national, et ce dans de nombreux domaines !<\/p>\n<p>Il y a quelques ann\u00e9es, notre ville \u00e9tait d\u00e9cri\u00e9e, rabaiss\u00e9e. Aujourd\u2019hui, gr\u00e2ce \u00e0 nos efforts collectifs, on parle d\u2019H\u00e9nin-Beaumont diff\u00e9remment : la reconnaissance des multiples investissements humains et financiers r\u00e9alis\u00e9s pour vous permettre de profiter au mieux des nombreux \u00e9quipements sportifs de la ville, de la richesse des diff\u00e9rents parcs publics et espaces verts, ainsi que le travail fait pour vous permettre d\u2019\u00eatre connect\u00e9s \u00e0 votre ville me motivent, plus que jamais, \u00e0 poursuivre sur cette lanc\u00e9e.<\/p>\n<p>Vive H\u00e9nin-Beaumont !<\/p>\n","protected":false},"excerpt":{"rendered":"<p>Labels ville Active &amp; Sportive et ville Internet : H\u00e9nin-Beaumont enfin reconnue ! Il y a un an, notre ville recevait sa premi\u00e8re fleur apr\u00e8s avoir obtenu le \u00ab bouquet d\u2019or avec f\u00e9licitations \u00bb dans le cadre du concours des villes et villages fleuris. Cette ann\u00e9e, H\u00e9nin-Beaumont est une nouvelle fois distingu\u00e9e, en recevant deux [&hellip;]<\/p>\n","protected":false},"author":6,"featured_media":5547,"comment_status":"closed","ping_status":"closed","sticky":false,"template":"","format":"standard","meta":{"footnotes":""},"categories":[13,19],"tags":[],"class_list":["post-5546","post","type-post","status-publish","format-standard","has-post-thumbnail","hentry","category-actus","category-edito"],"jetpack_featured_media_url":"https:\/\/www.henin-beaumont.fr\/site\/wp-content\/uploads\/2019\/03\/3-edio.jpg","_links":{"self":[{"href":"https:\/\/www.henin-beaumont.fr\/site\/wp-json\/wp\/v2\/posts\/5546","targetHints":{"allow":["GET"]}}],"collection":[{"href":"https:\/\/www.henin-beaumont.fr\/site\/wp-json\/wp\/v2\/posts"}],"about":[{"href":"https:\/\/www.henin-beaumont.fr\/site\/wp-json\/wp\/v2\/types\/post"}],"author":[{"embeddable":true,"href":"https:\/\/www.henin-beaumont.fr\/site\/wp-json\/wp\/v2\/users\/6"}],"replies":[{"embeddable":true,"href":"https:\/\/www.henin-beaumont.fr\/site\/wp-json\/wp\/v2\/comments?post=5546"}],"version-history":[{"count":3,"href":"https:\/\/www.henin-beaumont.fr\/site\/wp-json\/wp\/v2\/posts\/5546\/revisions"}],"predecessor-version":[{"id":5564,"href":"https:\/\/www.henin-beaumont.fr\/site\/wp-json\/wp\/v2\/posts\/5546\/revisions\/5564"}],"wp:featuredmedia":[{"embeddable":true,"href":"https:\/\/www.henin-beaumont.fr\/site\/wp-json\/wp\/v2\/media\/5547"}],"wp:attachment":[{"href":"https:\/\/www.henin-beaumont.fr\/site\/wp-json\/wp\/v2\/media?parent=5546"}],"wp:term":[{"taxonomy":"category","embeddable":true,"href":"https:\/\/www.henin-beaumont.fr\/site\/wp-json\/wp\/v2\/categories?post=5546"},{"taxonomy":"post_tag","embeddable":true,"href":"https:\/\/www.henin-beaumont.fr\/site\/wp-json\/wp\/v2\/tags?post=5546"}],"curies":[{"name":"wp","href":"https:\/\/api.w.org\/{rel}","templated":true}]}}