
{"id":3056,"date":"2016-08-26T12:01:24","date_gmt":"2016-08-26T10:01:24","guid":{"rendered":"http:\/\/henin-beaumont.fr\/site\/?p=3056"},"modified":"2016-09-26T14:50:17","modified_gmt":"2016-09-26T12:50:17","slug":"communique-de-m-steeve-briois","status":"publish","type":"post","link":"https:\/\/www.henin-beaumont.fr\/site\/communique-de-m-steeve-briois\/","title":{"rendered":"Communiqu\u00e9 de M. Steeve Briois"},"content":{"rendered":"<p>Braderie d\u2019H\u00e9nin-Beaumont : la d\u00e9cision du maire<\/p>\n<p>La d\u00e9cision a \u00e9t\u00e9 longue, dure et douloureuse \u00e0 prendre. C\u2019est pourtant la mort dans l\u2019\u00e2me que nous devons nous<span class=\"text_exposed_show\"> r\u00e9soudre \u00e0 annuler la traditionnelle braderie du centre-ville et de la gare pr\u00e9vue initialement le 11 septembre 2016.<\/span><!--more--><\/p>\n<div class=\"text_exposed_show\">\n<p>Jusqu\u2019au bout, toutes les possibilit\u00e9s et tous les sc\u00e9narios auront \u00e9t\u00e9 \u00e9tudi\u00e9s, mais les pr\u00e9conisations pr\u00e9fectorales, bien que justifi\u00e9es pour assurer une s\u00e9curit\u00e9 optimale, rompaient beaucoup trop avec l\u2019esprit de convivialit\u00e9 et joie qui a toujours anim\u00e9 cette braderie : r\u00e9duction de l\u2019espace, fermeture d\u2019un maximum d\u2019acc\u00e8s, stationnement des v\u00e9hicules \u00e0 l\u2019ext\u00e9rieur, s\u00e9curit\u00e9 priv\u00e9e, policiers nationaux avec fusils mitrailleurs, d\u00e9tecteurs de m\u00e9taux, barri\u00e9rage massif avec plots b\u00e9ton\u2026<\/p>\n<p>Personne ne peut imaginer notre braderie traditionnelle avec 18 des 21 points d\u2019entr\u00e9e ferm\u00e9s, des palpations et contr\u00f4le d\u2019identit\u00e9 aux 3 restants et l\u2019impossibilit\u00e9 pour les riverains et les bradeux de maintenir leur v\u00e9hicule dans le p\u00e9rim\u00e8tre.<\/p>\n<p>Tous ces \u00e9l\u00e9ments ont donc \u00e9t\u00e9 mis dans la balance, mais le co\u00fbt total n\u00e9cessaire \u00e0 la tenue de cette braderie aurait alors fr\u00f4l\u00e9 les 100 000 euros : en p\u00e9riode de crise, durant laquelle beaucoup de nos concitoyens et compatriotes vivent dans la pr\u00e9carit\u00e9 et la mis\u00e8re, cela me para\u00eet fou et ind\u00e9cent.<\/p>\n<p>Si certaines villes aux alentours d\u00e9cident de maintenir les \u00e9v\u00e8nements de ce genre, elles le doivent surtout \u00e0 une moindre fr\u00e9quentation attendue, une configuration urbaine bien plus simple que la n\u00f4tre et donc un co\u00fbt de s\u00e9curisation bien inf\u00e9rieur, \u00e0 leurs risques et p\u00e9rils.<\/p>\n<p>Si les services pr\u00e9fectoraux nous ont pr\u00eat\u00e9 une \u00e9coute et une attention totale, nous ne pouvons que mettre en cause ce gouvernement et ceux qui les ont pr\u00e9c\u00e9d\u00e9s. Ce sont eux qui ont permis \u00e0 la menace terroriste d\u2019exister et qui sont aujourd\u2019hui totalement incapables d\u2019aider les collectivit\u00e9s locales. Quand on en est \u00e0 proposer \u00e0 une municipalit\u00e9 la pr\u00e9sence de la police nationale\u2026sur facture et moyennant 6000 euros, il n\u2019y a plus qu\u2019\u00e0 tirer l\u2019\u00e9chelle. Le gouvernement n\u2019ose m\u00eame pas annuler les manifestations, il laisse la charge aux ex\u00e9cutifs locaux et aux municipalit\u00e9s d\u2019effectuer le sale boulot et d\u2019en assumer les cons\u00e9quences.<\/p>\n<p>Apr\u00e8s des semaines de concertation avec les services de l\u2019Etat, apr\u00e8s avoir consult\u00e9 de nombreux responsables associatifs et les commer\u00e7ants, il apparait effectivement impossible, compte tenu de la configuration de notre centre-ville, d\u2019assurer la s\u00e9curit\u00e9 totale des exposants et bradeux qui reviennent depuis quelques ann\u00e9es en masse.<\/p>\n<p>Certains diront que c\u2019est donner aux terroristes ce qu\u2019ils veulent, mais ce qu\u2019ils veulent, c\u2019est avant tout notre destruction, charnelle et spirituelle. Comme d\u2019autres maires en France et dans notre r\u00e9gion, je ne pourrais me regarder dans une glace si un seul de mes concitoyens venait \u00e0 \u00eatre bless\u00e9 ou pire parce que nous aurions voulu maintenir par orgueil une manifestation qu\u2019il ne nous est pas possible de s\u00e9curiser totalement.<\/p>\n<p>La somme qui n\u2019aura pas \u00e9t\u00e9 investie dans cette manifestation tant attendue nous permettra tout de m\u00eame d\u2019assurer la s\u00e9curisation d\u2019autres manifestations \u00e0 venir, et de pr\u00e9parer une braderie 2017 dans des conditions que nous esp\u00e9rons d\u00e9barrass\u00e9es d\u2019une menace terroriste contre laquelle nous demandons toujours et encore des mesures fermes et d\u00e9finitives.<\/p>\n<p>Steeve Briois,<br \/>\nMaire de H\u00e9nin-Beaumont<\/p>\n<\/div>\n","protected":false},"excerpt":{"rendered":"<p>Braderie d\u2019H\u00e9nin-Beaumont : la d\u00e9cision du maire La d\u00e9cision a \u00e9t\u00e9 longue, dure et douloureuse \u00e0 prendre. C\u2019est pourtant la mort dans l\u2019\u00e2me que nous devons nous r\u00e9soudre \u00e0 annuler la traditionnelle braderie du centre-ville et de la gare pr\u00e9vue initialement le 11 septembre 2016.<\/p>\n","protected":false},"author":1,"featured_media":3003,"comment_status":"closed","ping_status":"closed","sticky":false,"template":"","format":"standard","meta":{"footnotes":""},"categories":[13,36],"tags":[],"class_list":["post-3056","post","type-post","status-publish","format-standard","has-post-thumbnail","hentry","category-actus","category-application"],"jetpack_featured_media_url":"https:\/\/www.henin-beaumont.fr\/site\/wp-content\/uploads\/2015\/03\/13626374_1718164415098935_5648327423180195834_n.jpg","_links":{"self":[{"href":"https:\/\/www.henin-beaumont.fr\/site\/wp-json\/wp\/v2\/posts\/3056","targetHints":{"allow":["GET"]}}],"collection":[{"href":"https:\/\/www.henin-beaumont.fr\/site\/wp-json\/wp\/v2\/posts"}],"about":[{"href":"https:\/\/www.henin-beaumont.fr\/site\/wp-json\/wp\/v2\/types\/post"}],"author":[{"embeddable":true,"href":"https:\/\/www.henin-beaumont.fr\/site\/wp-json\/wp\/v2\/users\/1"}],"replies":[{"embeddable":true,"href":"https:\/\/www.henin-beaumont.fr\/site\/wp-json\/wp\/v2\/comments?post=3056"}],"version-history":[{"count":1,"href":"https:\/\/www.henin-beaumont.fr\/site\/wp-json\/wp\/v2\/posts\/3056\/revisions"}],"predecessor-version":[{"id":3057,"href":"https:\/\/www.henin-beaumont.fr\/site\/wp-json\/wp\/v2\/posts\/3056\/revisions\/3057"}],"wp:featuredmedia":[{"embeddable":true,"href":"https:\/\/www.henin-beaumont.fr\/site\/wp-json\/wp\/v2\/media\/3003"}],"wp:attachment":[{"href":"https:\/\/www.henin-beaumont.fr\/site\/wp-json\/wp\/v2\/media?parent=3056"}],"wp:term":[{"taxonomy":"category","embeddable":true,"href":"https:\/\/www.henin-beaumont.fr\/site\/wp-json\/wp\/v2\/categories?post=3056"},{"taxonomy":"post_tag","embeddable":true,"href":"https:\/\/www.henin-beaumont.fr\/site\/wp-json\/wp\/v2\/tags?post=3056"}],"curies":[{"name":"wp","href":"https:\/\/api.w.org\/{rel}","templated":true}]}}