
{"id":1524,"date":"2015-04-09T07:03:31","date_gmt":"2015-04-09T07:03:31","guid":{"rendered":"http:\/\/henin-beaumont.fr\/site\/?p=1524"},"modified":"2015-04-09T07:03:31","modified_gmt":"2015-04-09T07:03:31","slug":"merci-de-votre-confiance","status":"publish","type":"post","link":"https:\/\/www.henin-beaumont.fr\/site\/merci-de-votre-confiance\/","title":{"rendered":"Merci de votre confiance !"},"content":{"rendered":"<p>Les \u00e9lections d\u00e9partementales des 22 et 29 mars ont permis l&rsquo;\u00e9lection de 4 nouveaux \u00e9lus municipaux dans les 2 cantons sur lesquels notre ville se trouve, avec pr\u00e8s de 64 %<!--more--> de moyenne. Parmi ces quatre \u00e9lus, 3 sont issus de notre \u00e9quipe municipale : Maryse Poulain, adjointe aux Affaires scolaires, Aur\u00e9lia Beigneux, adjointe aux Affaires sociales et au Logement, ainsi que Christopher Szczurek, adjoint \u00e0 la Vie culturelle, associative et citoyenne. Rarement une \u00e9quipe municipale n&rsquo;avait \u00e9t\u00e9 aussi pl\u00e9biscit\u00e9e et il faut revenir au temps de Jacques Piette pour trouver des r\u00e9sultats \u00e9lectoraux aussi \u00e9loquents.<\/p>\n<p>Leur \u00e9lection, et plus g\u00e9n\u00e9ralement les r\u00e9sultats enregistr\u00e9s dans les diff\u00e9rents bureaux de vote de notre ville, sont la preuve de notre implication et de notre d\u00e9vouement.<\/p>\n<p>Vos nouveaux \u00e9lus d\u00e9partementaux ne seront pas des \u00e9lus fant\u00f4mes comme certains l\u2019\u00e9taient devenus. Ils seront plus que jamais \u00e0 vos c\u00f4t\u00e9s, dispos\u00e9s \u00e0 porter votre parole et repr\u00e9senter vos int\u00e9r\u00eats au Conseil d\u00e9partemental du Pas-de-Calais. Ils seront les d\u00e9fenseurs l\u00e9gitimes de notre ville, bafou\u00e9e par les barons d\u00e9chus de la Communaut\u00e9 d\u2019agglom\u00e9ration Oignies-Carvin. Et ils seront enfin les promoteurs d\u2019une justice sociale r\u00e9elle dont le D\u00e9partement doit \u00eatre l\u2019\u00e9chelon territorial de r\u00e9f\u00e9rence, mais dont l\u2019existence-m\u00eame est menac\u00e9e.<\/p>\n<p>Cette reconnaissance nous invite \u00e0 redoubler d\u2019efforts pour vous satisfaire et le vote du budget 2015 va nous permettre, bien qu&rsquo;encore largement contraints par les mauvaises gestions des \u00e9quipes pr\u00e9c\u00e9dentes, d\u2019appliquer plus largement le programme pour lequel vous nous avez \u00e9lus l\u2019ann\u00e9e derni\u00e8re d\u00e8s le premier tour des Municipales.<\/p>\n<p>Malgr\u00e9 le contexte national et la gestion catastrophique de notre pays qui impacte les finances des collectivit\u00e9s territoriales, malgr\u00e9 une opposition st\u00e9rile et aigrie qui tente de faire des pol\u00e9miques \u00e0 partir de rien, nous ne faiblirons pas. La baisse des imp\u00f4ts, le d\u00e9but de nouveaux grands projets, l\u2019am\u00e9lioration de votre cadre de vie et de votre s\u00e9curit\u00e9 : tout cela est act\u00e9 pour cette ann\u00e9e.<\/p>\n<p>Soyez-en s\u00fbrs : nous serons plus que jamais dignes de votre confiance !<\/p>\n","protected":false},"excerpt":{"rendered":"<p>Les \u00e9lections d\u00e9partementales des 22 et 29 mars ont permis l&rsquo;\u00e9lection de 4 nouveaux \u00e9lus municipaux dans les 2 cantons sur lesquels notre ville se trouve, avec pr\u00e8s de 64 %<\/p>\n","protected":false},"author":1,"featured_media":1218,"comment_status":"closed","ping_status":"closed","sticky":false,"template":"","format":"standard","meta":{"footnotes":""},"categories":[19],"tags":[],"class_list":["post-1524","post","type-post","status-publish","format-standard","has-post-thumbnail","hentry","category-edito"],"jetpack_featured_media_url":"https:\/\/www.henin-beaumont.fr\/site\/wp-content\/uploads\/2015\/03\/1016484_1512724018976310_7676802924136219992_n.jpg","_links":{"self":[{"href":"https:\/\/www.henin-beaumont.fr\/site\/wp-json\/wp\/v2\/posts\/1524","targetHints":{"allow":["GET"]}}],"collection":[{"href":"https:\/\/www.henin-beaumont.fr\/site\/wp-json\/wp\/v2\/posts"}],"about":[{"href":"https:\/\/www.henin-beaumont.fr\/site\/wp-json\/wp\/v2\/types\/post"}],"author":[{"embeddable":true,"href":"https:\/\/www.henin-beaumont.fr\/site\/wp-json\/wp\/v2\/users\/1"}],"replies":[{"embeddable":true,"href":"https:\/\/www.henin-beaumont.fr\/site\/wp-json\/wp\/v2\/comments?post=1524"}],"version-history":[{"count":1,"href":"https:\/\/www.henin-beaumont.fr\/site\/wp-json\/wp\/v2\/posts\/1524\/revisions"}],"predecessor-version":[{"id":1525,"href":"https:\/\/www.henin-beaumont.fr\/site\/wp-json\/wp\/v2\/posts\/1524\/revisions\/1525"}],"wp:featuredmedia":[{"embeddable":true,"href":"https:\/\/www.henin-beaumont.fr\/site\/wp-json\/wp\/v2\/media\/1218"}],"wp:attachment":[{"href":"https:\/\/www.henin-beaumont.fr\/site\/wp-json\/wp\/v2\/media?parent=1524"}],"wp:term":[{"taxonomy":"category","embeddable":true,"href":"https:\/\/www.henin-beaumont.fr\/site\/wp-json\/wp\/v2\/categories?post=1524"},{"taxonomy":"post_tag","embeddable":true,"href":"https:\/\/www.henin-beaumont.fr\/site\/wp-json\/wp\/v2\/tags?post=1524"}],"curies":[{"name":"wp","href":"https:\/\/api.w.org\/{rel}","templated":true}]}}